{"id":1749,"date":"2021-05-26T19:32:24","date_gmt":"2021-05-26T19:32:24","guid":{"rendered":"http:\/\/pvdagroenlinkszuidplas.nl\/?p=1749"},"modified":"2021-05-26T19:32:24","modified_gmt":"2021-05-26T19:32:24","slug":"betaalbare-energietransitie-vraagt-zon-en-wind","status":"publish","type":"post","link":"https:\/\/pvdagroenlinkszuidplas.nl\/?p=1749","title":{"rendered":"Betaalbare energietransitie vraagt zon \u00e9n wind"},"content":{"rendered":"<!DOCTYPE html PUBLIC \"-\/\/W3C\/\/DTD HTML 4.0 Transitional\/\/EN\" \"http:\/\/www.w3.org\/TR\/REC-html40\/loose.dtd\">\n<html><body><p><strong>Midden-Holland \u2022 De Regionale Energie Strategie (RES) verbindt PvdA en GroenLinks. Tijdens onze eerste gezamenlijke ledenbijeenkomst werd de RES beoordeeld. Conclusie: de verhouding zonnepanelen \/ windmolens is in de toekomstige duurzame energieopwekking onvoldoende in balans. Dit zal leiden tot ongewenste hoge kosten.<\/strong><\/p>\n<h2>\u00a0<\/h2>\n<h2><em>Verhouding zon\/wind<\/em><\/h2>\n<p>Om de energietransitie betaalbaar te maken, is energie van zon \u00e9n wind nodig. De RES die nu in de vijf gemeenten van Midden-Holland wordt besproken, zet echter uitsluitend in op zonne-energie. Windenergie is voorlopig reserve. Dit terwijl veel deskundigen juist pleiten voor een evenwichtige (50\/50) verdeling tussen zon en wind. Zo concluderen de netbeheerders Stedin en Liander in hun analyse van de RES: \u201cHoe groter het aandeel wind, des te haalbaarder en betaalbaarder deze zal zijn.\u201d<\/p>\n<p>Dit komt doordat een betere verdeling van zon en wind zorgt voor een effici\u00ebnter gebruik van het elektriciteitsnet. Zonne-energie levert relatief weinig op in de winter, maar juist relatief veel in de zomer. Bij wind energie is dit omgekeerd. Daarnaast waait het ook eens vaker dan dat de zon schijnt. Zowel \u2019s nachts als overdag kan het waaien, terwijl zonne-energie alleen overdag opgewekt kan worden. Een gelijkere verdeling van zon en wind zorgt dus voor een betere gemiddelde energieopwekking en is daarom effici\u00ebnter. Bovendien zouden de windmolens langs de A12, A20 en N11 dicht bij elkaar staan wat ook weer effici\u00ebntievoordelen heeft. Effici\u00ebnt gebruikmaken van het elektriciteitsnet is zo belangrijk omdat dit goedkoper is. De verhouding zon\/wind moet daarom meer in balans.<\/p>\n<p>\u00a0<\/p>\n<p><a href=\"http:\/\/pvdagroenlinkszuidplas.nl\/wp-content\/uploads\/2021\/05\/Vermogen-incl.jpg\"><img decoding=\"async\" loading=\"lazy\" class=\"alignnone size-medium wp-image-1755\" alt=\"Vermogen incl\" src=\"http:\/\/pvdagroenlinkszuidplas.nl\/wp-content\/uploads\/2021\/05\/Vermogen-incl-300x72.jpg\" width=\"600\" height=\"200\"><\/a><\/p>\n<h2>\u00a0<\/h2>\n<h2><em>Politieke blokkades<\/em><\/h2>\n<p>In onze regio werpen diverse partijen helaas blokkades op voor energieopwekking uit wind. Zij accepteren alleen grootschalige inzet op zon. Met als gevolg dat in het Groene Hart honderden hectare (landbouw)grond gebruikt moeten gaan worden voor zonnevelden. Bovendien zal de eenzijdige inzet op zonne-energie leiden tot onnodig hoge kosten om het energienet hiervoor aan te passen: de burger betaalt straks deze rekening. Energiearmoede ligt hiermee op de loer. Met andere woorden: \u2019s winters in de kou zitten en de lampen uit. Niet omdat je wilt besparen maar omdat je de energierekening niet meer kunt betalen.<\/p>\n<p>PvdA en GroenLinks vinden dat de toepassing van windenergie niet moet worden uitgesloten. Wij bepleiten een stevig onderzoek naar de mogelijkheden voor windmolens langs de A12, A20 en N11 met aandacht voor voldoende afstand tot woningen, behoud van natuurwaarden en maatschappelijk draagvlak.<\/p>\n<p>\u00a0<\/p>\n<h2><em>RES verbindt PvdA en GroenLinks regionaal<\/em><\/h2>\n<p>Het is uniek dat de lokale afdelingen van twee partijen verspreid over vijf gemeenten al ruim een half jaar intensief samenwerken. Onlangs organiseerden wij een gezamenlijke digitale ledenbijeenkomst waarin de waarde van deze unieke samenwerking meer dan tot zijn recht kwam.<\/p>\n<p>\u201cDe ontwrichting van het klimaat vraagt dat we onze krachten bundelen en vaart maken met de opwek van groene, duurzame energie\u201d, meent Annemiek Mul van GroenLinks Gouda. Haar Goudse collega van de PvdA Jos\u00e9 van Eijkelenburg vult aan: \u201cJuist het onderwerp, \u2018energietransitie\u2019 leent zich uitstekend om samen te werken in een breed regionaal verband. We hebben elkaar hard nodig.\u201d De samenwerking binnen de RES regio bevalt GroenLinks Bodegraven-Reeuwijk tot nu toe ook goed, vertelt fractievoorzitter Merel van Dijk. \u201cHet levert veel op bij deze urgente en belangrijke invulling van de RES-opdracht binnen onze regio.\u201d<\/p>\n<p>Ook de bestaande PvdA\/GroenLinks fracties zijn tevreden. De roodgroene fractievoorzitter Johan Helmer uit Zuidplas omarmt deze regionale samenwerking. \u201cDe regionale opgave wint nu eenmaal aan kracht als op het politieke vlak regionaal wordt samengewerkt.\u201d Fractievoorzitter Halvard Jan Hettema van PvdA\/GroenLinks Waddinxveen is ook erg enthousiast over de regionale samenwerking. \u201cDit levert een waardevolle bijdrage aan de discussie over een groenere toekomst.\u201d<\/p>\n<p><em>Namens de regionale PvdA en GroenLinks afdelingen van Midden-Holland,\u00a0Sandro Kovacic (PvdA Krimpenerwaard),\u00a0Annemiek Mul (GroenLinks Gouda),\u00a0Johan Helmer (PvdA\/GroenLinks Zuidplas),\u00a0Halvard Jan Hettema (PvdA\/GroenLinks Waddinxveen),\u00a0Jan Bouwens (PvdA Bodegraven-Reeuwijk),\u00a0Merel van Dijk-Baak (GroenLinks Bodegraven-Reeuwijk),\u00a0Jos\u00e9 van Eijkelenburg (PvdA Gouda).<\/em><\/p>\n\n<div class=\"jwsharethis\">\nShare this: \n<br>\n<a href=\"mailto:?subject=Betaalbare%20energietransitie%20vraagt%20zon%20%C3%A9n%20wind&body=https%3A%2F%2Fpvdagroenlinkszuidplas.nl%2F%3Fp%3D1749\">\n<img src=\"https:\/\/pvdagroenlinkszuidplas.nl\/wp-content\/plugins\/jw-share-this\/email.png\" alt=\"Share this page via Email\">\n<\/a>\n<a target=\"_blank\" href=\"http:\/\/www.stumbleupon.com\/submit?url=https%3A%2F%2Fpvdagroenlinkszuidplas.nl%2F%3Fp%3D1749&title=Betaalbare+energietransitie+vraagt+zon+%C3%A9n+wind\">\n<img src=\"https:\/\/pvdagroenlinkszuidplas.nl\/wp-content\/plugins\/jw-share-this\/su.png\" alt=\"Share this page via Stumble Upon\">\n<\/a>\n<a target=\"_blank\" href=\"http:\/\/digg.com\/submit?url=https%3A%2F%2Fpvdagroenlinkszuidplas.nl%2F%3Fp%3D1749&title=Betaalbare+energietransitie+vraagt+zon+%C3%A9n+wind\">\n<img src=\"https:\/\/pvdagroenlinkszuidplas.nl\/wp-content\/plugins\/jw-share-this\/digg.png\" alt=\"Share this page via Digg this\">\n<\/a>\n<a target=\"_blank\" href=\"http:\/\/www.facebook.com\/sharer.php?u=https%3A%2F%2Fpvdagroenlinkszuidplas.nl%2F%3Fp%3D1749&t=Betaalbare+energietransitie+vraagt+zon+%C3%A9n+wind\">\n<img src=\"https:\/\/pvdagroenlinkszuidplas.nl\/wp-content\/plugins\/jw-share-this\/fb.png\" alt=\"Share this page via Facebook\">\n<\/a>\n<a target=\"_blank\" href=\"http:\/\/twitter.com\/intent\/tweet?text=I+like+https%3A%2F%2Fpvdagroenlinkszuidplas.nl%2F%3Fp%3D1749&title=Betaalbare+energietransitie+vraagt+zon+%C3%A9n+wind\">\n<img src=\"https:\/\/pvdagroenlinkszuidplas.nl\/wp-content\/plugins\/jw-share-this\/twitter.png\" alt=\"Share this page via Twitter\">\n<\/a>\n<\/div>\n\n<div style=\"display: block !important; margin:0 !important; padding: 0 !important\" id=\"wpp_popup_post_end_element\"><\/div><\/body><\/html>\n","protected":false},"excerpt":{"rendered":"<p>Midden-Holland \u2022 De Regionale Energie Strategie (RES) verbindt PvdA en GroenLinks. Tijdens onze eerste gezamenlijke ledenbijeenkomst werd de RES beoordeeld. Conclusie: de verhouding zonnepanelen \/ windmolens is in de toekomstige duurzame energieopwekking onvoldoende in balans. Dit zal leiden tot ongewenste hoge kosten. \u00a0 Verhouding zon\/wind Om de energietransitie betaalbaar te maken, is energie van zon \u00e9n wind nodig. De RES die nu in de vijf gemeenten van Midden-Holland wordt besproken, zet echter uitsluitend in op zonne-energie. Windenergie is voorlopig reserve. Dit terwijl veel deskundigen juist pleiten voor een evenwichtige (50\/50) verdeling tussen zon en wind. Zo concluderen de netbeheerders Stedin en Liander in hun analyse van de RES: \u201cHoe groter [&hellip;]<\/p>\n","protected":false},"author":3,"featured_media":0,"comment_status":"closed","ping_status":"closed","sticky":false,"template":"","format":"standard","meta":{"_bbp_topic_count":0,"_bbp_reply_count":0,"_bbp_total_topic_count":0,"_bbp_total_reply_count":0,"_bbp_voice_count":0,"_bbp_anonymous_reply_count":0,"_bbp_topic_count_hidden":0,"_bbp_reply_count_hidden":0,"_bbp_forum_subforum_count":0},"categories":[1],"tags":[],"aioseo_notices":[],"_links":{"self":[{"href":"https:\/\/pvdagroenlinkszuidplas.nl\/index.php?rest_route=\/wp\/v2\/posts\/1749"}],"collection":[{"href":"https:\/\/pvdagroenlinkszuidplas.nl\/index.php?rest_route=\/wp\/v2\/posts"}],"about":[{"href":"https:\/\/pvdagroenlinkszuidplas.nl\/index.php?rest_route=\/wp\/v2\/types\/post"}],"author":[{"embeddable":true,"href":"https:\/\/pvdagroenlinkszuidplas.nl\/index.php?rest_route=\/wp\/v2\/users\/3"}],"replies":[{"embeddable":true,"href":"https:\/\/pvdagroenlinkszuidplas.nl\/index.php?rest_route=%2Fwp%2Fv2%2Fcomments&post=1749"}],"version-history":[{"count":3,"href":"https:\/\/pvdagroenlinkszuidplas.nl\/index.php?rest_route=\/wp\/v2\/posts\/1749\/revisions"}],"predecessor-version":[{"id":2041,"href":"https:\/\/pvdagroenlinkszuidplas.nl\/index.php?rest_route=\/wp\/v2\/posts\/1749\/revisions\/2041"}],"wp:attachment":[{"href":"https:\/\/pvdagroenlinkszuidplas.nl\/index.php?rest_route=%2Fwp%2Fv2%2Fmedia&parent=1749"}],"wp:term":[{"taxonomy":"category","embeddable":true,"href":"https:\/\/pvdagroenlinkszuidplas.nl\/index.php?rest_route=%2Fwp%2Fv2%2Fcategories&post=1749"},{"taxonomy":"post_tag","embeddable":true,"href":"https:\/\/pvdagroenlinkszuidplas.nl\/index.php?rest_route=%2Fwp%2Fv2%2Ftags&post=1749"}],"curies":[{"name":"wp","href":"https:\/\/api.w.org\/{rel}","templated":true}]}}